{"id":58,"date":"2021-07-30T23:34:27","date_gmt":"2021-07-30T23:34:27","guid":{"rendered":"https:\/\/arquivosabertoscidades.la\/web\/?p=58"},"modified":"2021-08-31T17:27:15","modified_gmt":"2021-08-31T17:27:15","slug":"saberes-do-som-sound-knowledge","status":"publish","type":"post","link":"https:\/\/arquivosabertoscidades.la\/es\/saberes-do-som-sound-knowledge\/","title":{"rendered":"Saberes do Som \/ Sound Knowledge"},"content":{"rendered":"<p><em>Saberes do Som&nbsp;<\/em>toma a m\u00fasica popular, em especial a m\u00fasica popular urbana criada e produzida no Brasil, como fonte de experi\u00eancias e formas de conhecer, para investigar narrativas, observar e conceituar processos outros de comunica\u00e7\u00e3o num mundo em que a raz\u00e3o ocidental aprofunda sua crise. Destaca a contribui\u00e7\u00e3o negra (africana e afrodiasp\u00f3rica) \u00e0 tradi\u00e7\u00e3o musical brasileira, examinando seus pressupostos, produ\u00e7\u00f5es art\u00edsticas e sua compreens\u00e3o e incorpora\u00e7\u00e3o por setores brancos dominantes da sociedade.<\/p>\n\n\n\n<p>A pesquisa tem como base tr\u00eas itiner\u00e1rios: 1. uma investiga\u00e7\u00e3o da compreens\u00e3o da contribui\u00e7\u00e3o negra \u00e0 tradi\u00e7\u00e3o da m\u00fasica brasileira pelo modernista M\u00e1rio de Andrade (1893-1945), em seus textos sobre m\u00fasica e suas viagens pelo Brasil; 2. uma revis\u00e3o bibliogr\u00e1fica que d\u00ea conta do significado da m\u00fasica popular urbana para as <em>pol\u00edticas da vida<\/em>, a partir de Achille Mbembe (2013) e seu <em>insight <\/em>sobre o devir-negro do mundo, de Adrian Piper e as anota\u00e7\u00f5es sobre \u201cFunk Lessons\u201d(1982-84) e da an\u00e1lise por Fred Moten acerca do lugar da m\u00fasica na tradi\u00e7\u00e3o radical <em>Black <\/em>(2003); e 3. a realiza\u00e7\u00e3o de cursos experimentais de gradua\u00e7\u00e3o a partir da provoca\u00e7\u00e3o \u201cComo a m\u00fasica mexe conosco\u201d, em que se procura identificar formas de experimentar a m\u00fasica e os mundos para os quais ela nos leva. Procura-se, com isso, a produ\u00e7\u00e3o de um conjunto de entrevistas, depoimentos, textos autorais e playlists, conformando um arquivo multifacetado que contribua para uma hist\u00f3ria do presente musical das cidades.<\/p>","protected":false},"excerpt":{"rendered":"<p>Saberes do Som&nbsp;toma a m\u00fasica popular, em especial a m\u00fasica popular urbana criada e produzida no Brasil, como fonte de experi\u00eancias e formas de conhecer, para investigar narrativas, observar e conceituar processos outros de comunica\u00e7\u00e3o num mundo em que a raz\u00e3o ocidental aprofunda sua crise. Destaca a contribui\u00e7\u00e3o negra (africana e afrodiasp\u00f3rica) \u00e0 tradi\u00e7\u00e3o musical&#8230;<\/p>","protected":false},"author":7,"featured_media":59,"comment_status":"open","ping_status":"open","sticky":false,"template":"","format":"standard","meta":{"footnotes":""},"categories":[22],"tags":[],"class_list":["post-58","post","type-post","status-publish","format-standard","has-post-thumbnail","hentry","category-projetos"],"_links":{"self":[{"href":"https:\/\/arquivosabertoscidades.la\/es\/wp-json\/wp\/v2\/posts\/58","targetHints":{"allow":["GET"]}}],"collection":[{"href":"https:\/\/arquivosabertoscidades.la\/es\/wp-json\/wp\/v2\/posts"}],"about":[{"href":"https:\/\/arquivosabertoscidades.la\/es\/wp-json\/wp\/v2\/types\/post"}],"author":[{"embeddable":true,"href":"https:\/\/arquivosabertoscidades.la\/es\/wp-json\/wp\/v2\/users\/7"}],"replies":[{"embeddable":true,"href":"https:\/\/arquivosabertoscidades.la\/es\/wp-json\/wp\/v2\/comments?post=58"}],"version-history":[{"count":1,"href":"https:\/\/arquivosabertoscidades.la\/es\/wp-json\/wp\/v2\/posts\/58\/revisions"}],"predecessor-version":[{"id":60,"href":"https:\/\/arquivosabertoscidades.la\/es\/wp-json\/wp\/v2\/posts\/58\/revisions\/60"}],"wp:featuredmedia":[{"embeddable":true,"href":"https:\/\/arquivosabertoscidades.la\/es\/wp-json\/wp\/v2\/media\/59"}],"wp:attachment":[{"href":"https:\/\/arquivosabertoscidades.la\/es\/wp-json\/wp\/v2\/media?parent=58"}],"wp:term":[{"taxonomy":"category","embeddable":true,"href":"https:\/\/arquivosabertoscidades.la\/es\/wp-json\/wp\/v2\/categories?post=58"},{"taxonomy":"post_tag","embeddable":true,"href":"https:\/\/arquivosabertoscidades.la\/es\/wp-json\/wp\/v2\/tags?post=58"}],"curies":[{"name":"wp","href":"https:\/\/api.w.org\/{rel}","templated":true}]}}