{"id":44,"date":"2021-07-30T23:43:37","date_gmt":"2021-07-30T23:43:37","guid":{"rendered":"https:\/\/arquivosabertoscidades.la\/web\/?p=44"},"modified":"2021-08-31T17:28:22","modified_gmt":"2021-08-31T17:28:22","slug":"cidade-arquivo-imaginarios-e-esteticas-da-modernidade-em-cidades-sul-americanas","status":"publish","type":"post","link":"https:\/\/arquivosabertoscidades.la\/es\/cidade-arquivo-imaginarios-e-esteticas-da-modernidade-em-cidades-sul-americanas\/","title":{"rendered":"Cidade-Arquivo: imagin\u00e1rios e est\u00e9ticas da modernidade em cidades sul-americanas"},"content":{"rendered":"<p>Enfatizando perspectivas ensa\u00edsticas, esse projeto explora as rela\u00e7\u00f5es entre arquivos, imagin\u00e1rios e as experi\u00eancias de modernidade urbana em cidades sul-americanas. O projeto compreende a no\u00e7\u00e3o de arquivo no seu sentido patrimonial\/material e tamb\u00e9m enquanto pr\u00e1tica cotidiana e forma de imagina\u00e7\u00e3o que seleciona e reinterpreta imagin\u00e1rios passados, presentes e futuros. Enfocando perspectivas te\u00f3ricas e uma sele\u00e7\u00e3o de cidades, questionamos como o espa\u00e7o p\u00fablico foi\/\u00e9 produzido na arte e m\u00eddia modernista\/contempor\u00e2nea; quais s\u00e3o os repert\u00f3rios est\u00e9ticos e pol\u00edticos do espa\u00e7o p\u00fablico urbano; quais foram\/ s\u00e3o as modalidades de subjetividade que emergem na narrativa e cultura visual urbana. Dentro deste amplo enfoque abordamos tr\u00eas temas: as genealogias da rua na fotografia e literatura modernista e contempor\u00e2nea; as est\u00e9ticas e ret\u00f3ricas pol\u00edticas sobre a multid\u00e3o urbana na fotografia e na cr\u00f4nica dos anos 1940-50; as inven\u00e7\u00f5es do eu e dos outros em retratos de est\u00fadio fotogr\u00e1fico dos anos 1920 a 1950.<\/p>","protected":false},"excerpt":{"rendered":"<p>Enfatizando perspectivas ensa\u00edsticas, esse projeto explora as rela\u00e7\u00f5es entre arquivos, imagin\u00e1rios e as experi\u00eancias de modernidade urbana em cidades sul-americanas. O projeto compreende a no\u00e7\u00e3o de arquivo no seu sentido patrimonial\/material e tamb\u00e9m enquanto pr\u00e1tica cotidiana e forma de imagina\u00e7\u00e3o que seleciona e reinterpreta imagin\u00e1rios passados, presentes e futuros. Enfocando perspectivas te\u00f3ricas e uma sele\u00e7\u00e3o&#8230;<\/p>","protected":false},"author":3,"featured_media":45,"comment_status":"open","ping_status":"open","sticky":false,"template":"","format":"standard","meta":{"footnotes":""},"categories":[22],"tags":[],"class_list":["post-44","post","type-post","status-publish","format-standard","has-post-thumbnail","hentry","category-projetos"],"_links":{"self":[{"href":"https:\/\/arquivosabertoscidades.la\/es\/wp-json\/wp\/v2\/posts\/44","targetHints":{"allow":["GET"]}}],"collection":[{"href":"https:\/\/arquivosabertoscidades.la\/es\/wp-json\/wp\/v2\/posts"}],"about":[{"href":"https:\/\/arquivosabertoscidades.la\/es\/wp-json\/wp\/v2\/types\/post"}],"author":[{"embeddable":true,"href":"https:\/\/arquivosabertoscidades.la\/es\/wp-json\/wp\/v2\/users\/3"}],"replies":[{"embeddable":true,"href":"https:\/\/arquivosabertoscidades.la\/es\/wp-json\/wp\/v2\/comments?post=44"}],"version-history":[{"count":1,"href":"https:\/\/arquivosabertoscidades.la\/es\/wp-json\/wp\/v2\/posts\/44\/revisions"}],"predecessor-version":[{"id":46,"href":"https:\/\/arquivosabertoscidades.la\/es\/wp-json\/wp\/v2\/posts\/44\/revisions\/46"}],"wp:featuredmedia":[{"embeddable":true,"href":"https:\/\/arquivosabertoscidades.la\/es\/wp-json\/wp\/v2\/media\/45"}],"wp:attachment":[{"href":"https:\/\/arquivosabertoscidades.la\/es\/wp-json\/wp\/v2\/media?parent=44"}],"wp:term":[{"taxonomy":"category","embeddable":true,"href":"https:\/\/arquivosabertoscidades.la\/es\/wp-json\/wp\/v2\/categories?post=44"},{"taxonomy":"post_tag","embeddable":true,"href":"https:\/\/arquivosabertoscidades.la\/es\/wp-json\/wp\/v2\/tags?post=44"}],"curies":[{"name":"wp","href":"https:\/\/api.w.org\/{rel}","templated":true}]}}