{"id":55,"date":"2021-07-30T23:40:05","date_gmt":"2021-07-30T23:40:05","guid":{"rendered":"https:\/\/arquivosabertoscidades.la\/web\/?p=55"},"modified":"2021-09-08T19:14:28","modified_gmt":"2021-09-08T19:14:28","slug":"arquivos-afetivos-memorias-urbanas-entre-a-rua-e-a-casa","status":"publish","type":"post","link":"https:\/\/arquivosabertoscidades.la\/en\/arquivos-afetivos-memorias-urbanas-entre-a-rua-e-a-casa\/","title":{"rendered":"Arquivos afetivos: mem\u00f3rias urbanas entre a rua e a casa"},"content":{"rendered":"<p>Nosso projeto tem uma dupla face: por um lado, investigamos pr\u00e1ticas art\u00edsticas que trabalham com arquivos familiares de fotografias e filmes, di\u00e1rios \u00edntimos, cartas, poesias e cr\u00f4nicas urbanas, tendo como horizonte a virtualiza\u00e7\u00e3o das produ\u00e7\u00f5es de subjetividades nos meios digitais (em redes sociais, blogs, sites); por outro, realizaremos filmes ensa\u00edsticos, experimentais e pessoais, nos quais o que chamamos aqui de \u201carquivos afetivos\u201d est\u00e1 em quest\u00e3o. Trata-se de pensar a constru\u00e7\u00e3o de nossas mem\u00f3rias diante de um mundo em dissolu\u00e7\u00e3o, em que imagens, sons e textos est\u00e3o, de sa\u00edda, \u00e0 beira do desaparecimento. Nesse gesto te\u00f3rico e pr\u00e1tico, privilegiaremos intera\u00e7\u00f5es entre o que \u00e9 do dom\u00ednio privado e o que \u00e9 dom\u00ednio p\u00fablico: extrair das hist\u00f3rias e mem\u00f3rias pessoais restritas a um grupo familiar algo que possa ser compartilhado como um \u201cbem comum\u201d nos parece fundamental nessa empreitada.<\/p>","protected":false},"excerpt":{"rendered":"<p>Nosso projeto tem uma dupla face: por um lado, investigamos pr\u00e1ticas art\u00edsticas que trabalham com arquivos familiares de fotografias e filmes, di\u00e1rios \u00edntimos, cartas, poesias e cr\u00f4nicas urbanas, tendo como horizonte a virtualiza\u00e7\u00e3o das produ\u00e7\u00f5es de subjetividades nos meios digitais (em redes sociais, blogs, sites); por outro, realizaremos filmes ensa\u00edsticos, experimentais e pessoais, nos quais&#8230;<\/p>","protected":false},"author":4,"featured_media":56,"comment_status":"open","ping_status":"open","sticky":false,"template":"","format":"standard","meta":{"footnotes":""},"categories":[22],"tags":[],"class_list":["post-55","post","type-post","status-publish","format-standard","has-post-thumbnail","hentry","category-projetos"],"_links":{"self":[{"href":"https:\/\/arquivosabertoscidades.la\/en\/wp-json\/wp\/v2\/posts\/55","targetHints":{"allow":["GET"]}}],"collection":[{"href":"https:\/\/arquivosabertoscidades.la\/en\/wp-json\/wp\/v2\/posts"}],"about":[{"href":"https:\/\/arquivosabertoscidades.la\/en\/wp-json\/wp\/v2\/types\/post"}],"author":[{"embeddable":true,"href":"https:\/\/arquivosabertoscidades.la\/en\/wp-json\/wp\/v2\/users\/4"}],"replies":[{"embeddable":true,"href":"https:\/\/arquivosabertoscidades.la\/en\/wp-json\/wp\/v2\/comments?post=55"}],"version-history":[{"count":2,"href":"https:\/\/arquivosabertoscidades.la\/en\/wp-json\/wp\/v2\/posts\/55\/revisions"}],"predecessor-version":[{"id":374,"href":"https:\/\/arquivosabertoscidades.la\/en\/wp-json\/wp\/v2\/posts\/55\/revisions\/374"}],"wp:featuredmedia":[{"embeddable":true,"href":"https:\/\/arquivosabertoscidades.la\/en\/wp-json\/wp\/v2\/media\/56"}],"wp:attachment":[{"href":"https:\/\/arquivosabertoscidades.la\/en\/wp-json\/wp\/v2\/media?parent=55"}],"wp:term":[{"taxonomy":"category","embeddable":true,"href":"https:\/\/arquivosabertoscidades.la\/en\/wp-json\/wp\/v2\/categories?post=55"},{"taxonomy":"post_tag","embeddable":true,"href":"https:\/\/arquivosabertoscidades.la\/en\/wp-json\/wp\/v2\/tags?post=55"}],"curies":[{"name":"wp","href":"https:\/\/api.w.org\/{rel}","templated":true}]}}