{"id":49,"date":"2021-07-30T23:50:27","date_gmt":"2021-07-30T23:50:27","guid":{"rendered":"https:\/\/arquivosabertoscidades.la\/web\/?p=49"},"modified":"2021-08-31T17:26:47","modified_gmt":"2021-08-31T17:26:47","slug":"calles-ferias-y-plazas-de-mercado-de-los-relacionamientos-barrocos-a-la-cultura-de-la-separacion","status":"publish","type":"post","link":"https:\/\/arquivosabertoscidades.la\/en\/calles-ferias-y-plazas-de-mercado-de-los-relacionamientos-barrocos-a-la-cultura-de-la-separacion\/","title":{"rendered":"Calles,  Ferias y Plazas de Mercado. De los Relacionamientos Barrocos a la Cultura de la Separaci\u00f3n"},"content":{"rendered":"<p>Jos\u00e9 Mar\u00eda Arguedas se encarg\u00f3 de mostrar el largo proceso de incorporaci\u00f3n del mundo ind\u00edgena al&nbsp; intercambio y&nbsp; la cultura del intercambio y&nbsp; sus expresiones en el territorio. Una lectura atenta de Arguedas nos permite ver en qu\u00e9 medida esa din\u00e1mica, relacionada con el sistema de ferias, plazas de mercados y santuarios, pero tambi\u00e9n con la formaci\u00f3n de barriadas, fue marcando&nbsp; formas particulares de relacionamiento social y de relacionamiento con el pasado, percibido lo mismo como presencia que como ruina. A partir de estos supuestos a&nbsp; nosotros nos interesa indagar, en base a documentaci\u00f3n de archivo y de observaciones y entrevistas, el papel cumplido por la calle y por los agenciamientos de la calle, en un contexto de cambios.&nbsp;<\/p>\n\n\n\n<p>En t\u00e9rminos hist\u00f3ricos y antropol\u00f3gicos nos gustar\u00eda entender no s\u00f3lo los relacionamientos entre el mundo urbano y el rural o la formaci\u00f3n de sectores populares urbanos de origen campesino e ind\u00edgena en las ciudades de los Andes (Y particularmente en Quito) sino la reproducci\u00f3n de una sensibilidad est\u00e9tica y de un tipo de consumos, asumidos como barrocos, as\u00ed como su reproducci\u00f3n en la calle.&nbsp; Si durante la colonia y el siglo XIX se van consolidando determinados espacios de circulaci\u00f3n, relacionamiento e intercambio relacionados con un mundo ind\u00edgena y de mestizaje ind\u00edgena, urbano-rural, de lo que se trata finalmente es de entender que es lo que sucede ahora, en medio del proceso de instituci\u00f3n de una cultura de la separaci\u00f3n, acrecentada por la pandemia. Esto es de la percepci\u00f3n no s\u00f3lo de los espacios sino de amplios sectores sociales como ruinas y como desechos.&nbsp;&nbsp;<\/p>","protected":false},"excerpt":{"rendered":"<p>Jos\u00e9 Mar\u00eda Arguedas se encarg\u00f3 de mostrar el largo proceso de incorporaci\u00f3n del mundo ind\u00edgena al&nbsp; intercambio y&nbsp; la cultura del intercambio y&nbsp; sus expresiones en el territorio. Una lectura atenta de Arguedas nos permite ver en qu\u00e9 medida esa din\u00e1mica, relacionada con el sistema de ferias, plazas de mercados y santuarios, pero tambi\u00e9n con&#8230;<\/p>","protected":false},"author":5,"featured_media":50,"comment_status":"open","ping_status":"open","sticky":false,"template":"","format":"standard","meta":{"footnotes":""},"categories":[22],"tags":[],"class_list":["post-49","post","type-post","status-publish","format-standard","has-post-thumbnail","hentry","category-projetos"],"_links":{"self":[{"href":"https:\/\/arquivosabertoscidades.la\/en\/wp-json\/wp\/v2\/posts\/49","targetHints":{"allow":["GET"]}}],"collection":[{"href":"https:\/\/arquivosabertoscidades.la\/en\/wp-json\/wp\/v2\/posts"}],"about":[{"href":"https:\/\/arquivosabertoscidades.la\/en\/wp-json\/wp\/v2\/types\/post"}],"author":[{"embeddable":true,"href":"https:\/\/arquivosabertoscidades.la\/en\/wp-json\/wp\/v2\/users\/5"}],"replies":[{"embeddable":true,"href":"https:\/\/arquivosabertoscidades.la\/en\/wp-json\/wp\/v2\/comments?post=49"}],"version-history":[{"count":1,"href":"https:\/\/arquivosabertoscidades.la\/en\/wp-json\/wp\/v2\/posts\/49\/revisions"}],"predecessor-version":[{"id":51,"href":"https:\/\/arquivosabertoscidades.la\/en\/wp-json\/wp\/v2\/posts\/49\/revisions\/51"}],"wp:featuredmedia":[{"embeddable":true,"href":"https:\/\/arquivosabertoscidades.la\/en\/wp-json\/wp\/v2\/media\/50"}],"wp:attachment":[{"href":"https:\/\/arquivosabertoscidades.la\/en\/wp-json\/wp\/v2\/media?parent=49"}],"wp:term":[{"taxonomy":"category","embeddable":true,"href":"https:\/\/arquivosabertoscidades.la\/en\/wp-json\/wp\/v2\/categories?post=49"},{"taxonomy":"post_tag","embeddable":true,"href":"https:\/\/arquivosabertoscidades.la\/en\/wp-json\/wp\/v2\/tags?post=49"}],"curies":[{"name":"wp","href":"https:\/\/api.w.org\/{rel}","templated":true}]}}